{"id":2731,"date":"2022-10-06T16:08:39","date_gmt":"2022-10-06T14:08:39","guid":{"rendered":"https:\/\/www.vey-associes.com\/julian-assange-lets-be-aware-of-the-cost-of-freedom-of-speech\/"},"modified":"2024-03-27T18:12:46","modified_gmt":"2024-03-27T17:12:46","slug":"julian-assange-lets-be-aware-of-the-cost-of-freedom-of-speech","status":"publish","type":"post","link":"https:\/\/www.vey-associes.com\/en\/julian-assange-lets-be-aware-of-the-cost-of-freedom-of-speech","title":{"rendered":"Julian Assange : Let&#8217;s be aware of the cost of freedom of speech"},"content":{"rendered":"<p>&nbsp;<\/p>\n<p>For more than 10 years, Julian Assange has been deprived of his freedom for publishing human rights violations committed by the US military in Afghanistan and Iraq. This information of public interest had been relayed and exploited throughout the world.<\/p>\n<p>&nbsp;<\/p>\n<p>The founder of Wikileaks is the only person prosecuted for these publications and has been imprisoned for more than three years in the high security prison of Belmarsh after spending seven years in the Ecuadorian Embassy in London. He has not been convicted or even tried on the charges against him.<\/p>\n<p>&nbsp;<\/p>\n<p>For more than 10 years, he has lived under the constant threat of extradition from the United Kingdom to the United States, where he faces a sentence of 175 years in prison, a life sentence with no hope of release. He is also subject to a campaign of humiliation and discrediting. According to Nils Melzer, former United Nations Special Rapporteur on Torture, the accumulation of these elements amounts to psychological torture.<\/p>\n<p>&nbsp;<\/p>\n<p>For more than 10 years, Julian Assange could have hoped that the democracies on which his fate depended would put an end to the undignified treatment he is undergoing. Nothing has happened. Sweden, Ecuador, and today the United Kingdom &#8211; the country of Habeas corpus and the Bill of Rights &#8211; have instead lent their support to the American prosecution.<\/p>\n<p>&nbsp;<\/p>\n<p>This illegitimate situation is becoming more and more unacceptable.<\/p>\n<p>&nbsp;<\/p>\n<p>Beyond that, it raises concerns about press freedom and the risk of discouraging investigative journalism, as highlighted last August by the United Nations High Commissioner for Human Rights. The right to information is essential and deserves to be protected, as do those who exercise it.<\/p>\n<p>That is why the International Julian Assange Defense Team is today appealing to those who have the power to stop the injustice:<\/p>\n<ul>\n<li>First to the British authorities, by releasing Julian Assange and refusing his extradition;<\/li>\n<li>Second, to the countries of the Council of Europe, especially France, by calling on the United Kingdom to respect the guarantees of the European Convention on Human Rights;<\/li>\n<li>Finally, and most importantly, to the US authorities by dropping their prosecution.<\/li>\n<\/ul>\n<p>&nbsp;<\/p>\n<p>It is high time to act before Julian Assange pays the price of our freedoms with his life.<\/p>\n<p>&nbsp;<\/p>\n<p>&nbsp;<\/p>\n<p>&nbsp;<\/p>\n<p>&nbsp;<\/p>\n<p>Signataires :<\/p>\n<p><strong>Sabrina PIGNODELI \u2013 <\/strong><em>D\u00e9put\u00e9e europ\u00e9enne, \u00e0 l\u2019initiative de la candidature de Julian Assange pour le Prix Sakharov 2022<\/em><\/p>\n<p><strong>Antoine VEY \u2013 <\/strong><em>Avocat aux Barreaux de Paris et de Gen\u00e8ve et aupr\u00e8s de la Cour P\u00e9nale Internationale<\/em><\/p>\n<p><strong>Ai WEIWEI \u2013 <\/strong><em>Artiste, intellectuel et dissident chinois<\/em><\/p>\n<p><strong>Henri LECLERC<\/strong> \u2013 <em>Avocat honoraire et ancien Pr\u00e9sident de la Ligue des Droits de l\u2019Homme<\/em><\/p>\n<p><strong>Christophe MARCHAND \u2013 <\/strong>A<em>vocat sp\u00e9cialiste des droits de l\u2019Homme<\/em><\/p>\n<p><strong>Baltasar GARZON\u00a0\u2013<\/strong>\u00a0<em>Avocat et ancien juge\u00a0<\/em><\/p>\n<p><strong>S\u00f6ren SCHOMBURG\u00a0\u2013<\/strong>\u00a0<em>Avocat<\/em><\/p>\n<p><strong>Dino GIARRUSSO<\/strong> \u2013 <em>D\u00e9put\u00e9 europ\u00e9en<\/em><\/p>\n<p><strong>Stelios KOULOGLOU<\/strong> \u2013 <em>D\u00e9put\u00e9 europ\u00e9en<\/em><\/p>\n<p><strong>Ivan Vilibor SIN\u010cI\u0106<\/strong> \u2013 D\u00e9put\u00e9 europ\u00e9en<\/p>\n<p><strong>Mario FURORE<\/strong> \u2013 D\u00e9put\u00e9 europ\u00e9en<\/p>\n<p><strong>Milan UHR\u00cdK<\/strong> \u2013 <em>D\u00e9put\u00e9 europ\u00e9en<\/em><\/p>\n<p><strong>Francesca DONATO<\/strong> \u2013 <em>D\u00e9put\u00e9e europ\u00e9enne<\/em><\/p>\n<p><strong>Diana RIBA I GINER<\/strong> \u2013 <em>D\u00e9put\u00e9e europ\u00e9enne<\/em><\/p>\n<p><strong>Rosa D\u2019AMATO<\/strong> \u2013 <em>D\u00e9put\u00e9e europ\u00e9enne<\/em><\/p>\n<p><strong>Piernicola PEDICINI<\/strong> \u2013 <em>D\u00e9put\u00e9 europ\u00e9en<\/em><\/p>\n<p><strong>Ignazio CORRAO<\/strong> \u2013 <em>D\u00e9put\u00e9 europ\u00e9en<\/em><\/p>\n<p><strong>Marco CAMPOMENOSI<\/strong> \u2013 <em>D\u00e9put\u00e9 europ\u00e9en<\/em><\/p>\n<p><strong>Patrick BREYER<\/strong> \u2013 <em>D\u00e9put\u00e9 europ\u00e9en<\/em><\/p>\n<p><strong>Ana MIRANDA<\/strong> \u2013 <em>D\u00e9put\u00e9e europ\u00e9enne<\/em><\/p>\n<p><strong>Herv\u00e9 JUVIN <\/strong>\u2013 <em>D\u00e9put\u00e9 europ\u00e9en<\/em><\/p>\n<p><strong>Tiziana BEGHIN<\/strong> \u2013 D\u00e9put\u00e9e europ\u00e9enne<\/p>\n<p><strong>Mick WALLACE <\/strong>\u2013 <em>D\u00e9put\u00e9 europ\u00e9en<\/em><\/p>\n<p><strong>Clare DALY<\/strong> \u2013 <em>D\u00e9put\u00e9e europ\u00e9enne<\/em><\/p>\n<p><strong>Fabio Massimo CASTALDO<\/strong> \u2013 <em>D\u00e9put\u00e9 europ\u00e9en<\/em><\/p>\n<p><strong>Laura FERRARA<\/strong> \u2013 <em>D\u00e9put\u00e9e europ\u00e9enne<\/em><\/p>\n<p><strong>Mikulas PEKSA <\/strong>\u2013 <em>D\u00e9put\u00e9 europ\u00e9en<\/em><\/p>\n<p><strong>Marc Johan BOTENGA<\/strong> \u2013 <em>D\u00e9put\u00e9 europ\u00e9en<\/em><\/p>\n<p><strong>Ivan DAVID <\/strong>\u2013 <em>D\u00e9put\u00e9 europ\u00e9en<\/em><\/p>\n<p><strong>Tatjana \u017dDANOKA<\/strong> \u2013<em> D\u00e9put\u00e9e europ\u00e9enne<\/em><\/p>\n<p><strong>Martin BUSCHMANN <\/strong>\u2013 <em>D\u00e9put\u00e9 europ\u00e9en<\/em><\/p>\n<p><strong>Milan BRGLEZ<\/strong> \u2013 <em>D\u00e9put\u00e9 europ\u00e9en<\/em><\/p>\n<p><strong>Jo\u00e3o PIMENTA LOPES<\/strong> \u2013 <em>D\u00e9put\u00e9 europ\u00e9en<\/em><\/p>\n<p><strong>Sandra PEREIRA<\/strong> \u2013<em> D\u00e9put\u00e9e europ\u00e9enne<\/em><\/p>\n<p><strong>Mislav KOLAKU\u0160I\u0106<\/strong> \u2013 <em>D\u00e9put\u00e9 europ\u00e9en<\/em><\/p>\n<p><strong>Kate\u0159ina KONE\u010cN\u00c1<\/strong> \u2013 <em>D\u00e9put\u00e9e europ\u00e9enne<\/em><\/p>\n<p><strong>Marcel KOLAJA<\/strong> \u2013 <em>D\u00e9put\u00e9 europ\u00e9en<\/em><\/p>\n<p><strong>Emmanuel MAUREL<\/strong> \u2013 <em>D\u00e9put\u00e9 europ\u00e9en<\/em><\/p>\n<p>&nbsp;<\/p>\n","protected":false},"excerpt":{"rendered":"<p>&nbsp; For more than 10 years, Julian Assange has been deprived of his freedom for publishing human rights violations committed by the US military in Afghanistan and Iraq. This information of public interest had been relayed and exploited throughout the world. &nbsp; The founder of Wikileaks is the only person prosecuted for these publications and [&hellip;]<\/p>\n","protected":false},"author":3,"featured_media":0,"comment_status":"open","ping_status":"closed","sticky":false,"template":"","format":"standard","meta":{"_acf_changed":false,"footnotes":""},"categories":[2],"tags":[],"class_list":["post-2731","post","type-post","status-publish","format-standard","hentry","category-uncategorized"],"acf":[],"_links":{"self":[{"href":"https:\/\/www.vey-associes.com\/en\/wp-json\/wp\/v2\/posts\/2731","targetHints":{"allow":["GET"]}}],"collection":[{"href":"https:\/\/www.vey-associes.com\/en\/wp-json\/wp\/v2\/posts"}],"about":[{"href":"https:\/\/www.vey-associes.com\/en\/wp-json\/wp\/v2\/types\/post"}],"author":[{"embeddable":true,"href":"https:\/\/www.vey-associes.com\/en\/wp-json\/wp\/v2\/users\/3"}],"replies":[{"embeddable":true,"href":"https:\/\/www.vey-associes.com\/en\/wp-json\/wp\/v2\/comments?post=2731"}],"version-history":[{"count":1,"href":"https:\/\/www.vey-associes.com\/en\/wp-json\/wp\/v2\/posts\/2731\/revisions"}],"predecessor-version":[{"id":2732,"href":"https:\/\/www.vey-associes.com\/en\/wp-json\/wp\/v2\/posts\/2731\/revisions\/2732"}],"wp:attachment":[{"href":"https:\/\/www.vey-associes.com\/en\/wp-json\/wp\/v2\/media?parent=2731"}],"wp:term":[{"taxonomy":"category","embeddable":true,"href":"https:\/\/www.vey-associes.com\/en\/wp-json\/wp\/v2\/categories?post=2731"},{"taxonomy":"post_tag","embeddable":true,"href":"https:\/\/www.vey-associes.com\/en\/wp-json\/wp\/v2\/tags?post=2731"}],"curies":[{"name":"wp","href":"https:\/\/api.w.org\/{rel}","templated":true}]}}